{"id":25384,"date":"2025-12-01T12:54:41","date_gmt":"2025-12-01T17:54:41","guid":{"rendered":"https:\/\/www.hivlegalnetwork.ca\/site\/?post_type=news22&#038;p=25384"},"modified":"2025-12-01T12:57:42","modified_gmt":"2025-12-01T17:57:42","slug":"francais-on-world-aids-day-hiv-legal-network-releases-inaugural-state-of-hiv-in-canada-report","status":"publish","type":"news22","link":"https:\/\/www.hivlegalnetwork.ca\/site\/francais-on-world-aids-day-hiv-legal-network-releases-inaugural-state-of-hiv-in-canada-report\/","title":{"rendered":"En cette Journ\u00e9e mondiale de lutte contre le sida, premier rapport sur \u00ab L\u2019\u00e9tat du VIH au Canada \u00bb par le R\u00e9seau juridique VIH"},"content":{"rendered":"<em>Les taux de VIH sont en hausse, alors que nous savons ce qu\u2019il faut faire pour pr\u00e9venir les nouvelles infections et prot\u00e9ger la sant\u00e9 et les droits humains des personnes s\u00e9ropositives et affect\u00e9es par le VIH.<\/em><\/p>\n<p><strong>1<sup>er<\/sup>\u00a0d\u00e9cembre 2025, Toronto (Ont.) \u2013<\/strong> Aujourd\u2019hui, \u00e0 l\u2019occasion de la Journ\u00e9e mondiale de lutte contre le sida, le R\u00e9seau juridique VIH a publi\u00e9 son premier rapport sur l\u2019\u00e9tat de la r\u00e9ponse au VIH au Canada, soulignant l\u2019urgente n\u00e9cessit\u00e9 de supprimer les \u00e9l\u00e9ments juridiques et de politiques qui font obstacle \u00e0 la pr\u00e9vention, aux traitements et aux soins du VIH. Malgr\u00e9 d\u2019importants progr\u00e8s dans la pr\u00e9vention et le traitement du VIH, les taux d\u2019infection par le VIH sont actuellement en hausse au Canada et nous ne n\u2019arriverons pas \u00e0 respecter nos engagements internationaux visant \u00e0 \u00e9liminer le VIH comme menace pour la sant\u00e9 publique d\u2019ici 2030. D\u2019ailleurs, nous n\u2019avons pas atteint nos cibles\u00a095-95-95 pour 2025.<\/p>\n<p>Les engagements internationaux du Canada pour mettre fin au VIH, au pays et dans le monde, comprennent un objectif des Nations Unies consistant \u00e0 ce que 95\u00a0% des personnes vivant avec le VIH au Canada connaissent leur statut, que 95\u00a0% des personnes diagnostiqu\u00e9es aient acc\u00e8s \u00e0 un traitement et que 95\u00a0% des personnes sous traitement parviennent \u00e0 une charge virale ind\u00e9tectable. Aucune province ni aucun territoire n\u2019a atteint l\u2019ensemble des cibles\u00a095-95-95, la Colombie-Britannique s\u2019en approchant le plus avec 95-94-96.<\/p>\n<p>Les principales recommandations formul\u00e9es dans le rapport \u00ab\u00a0L\u2019\u00e9tat du VIH au Canada\u00a0: droits, progr\u00e8s et travail inachev\u00e9\u00a0\u00bb montrent clairement comment les gouvernements, \u00e0 tous les paliers, entravent l\u2019acc\u00e8s aux outils de pr\u00e9vention du VIH et de r\u00e9duction des m\u00e9faits qui pourraient mettre fin \u00e0 la transmission du VIH au Canada, et \u00e9chouent \u00e0 fournir l\u2019acc\u00e8s universel au traitement et aux soins du VIH qui permettraient aux personnes vivant avec le VIH de mener une vie \u00e9panouie et en bonne sant\u00e9. Il est imp\u00e9ratif de faire preuve de leadership d\u00e8s maintenant.<\/p>\n<p>\u00ab\u00a0Le Canada a pris un v\u00e9ritable engagement \u00e0 mettre fin au VIH \u2013 un engagement r\u00e9aliste et r\u00e9alisable gr\u00e2ce \u00e0 des expansions de l\u2019acc\u00e8s \u00e0 la pr\u00e9vention, au d\u00e9pistage et aux traitements\u00a0\u00bb, rappellent Janet Butler-McPhee et Sandra Ka Hon Chu, codirectrices g\u00e9n\u00e9rales du R\u00e9seau juridique VIH. \u00ab\u00a0Le Canada s\u2019est \u00e9galement engag\u00e9 \u00e0 abroger les lois et les politiques punitives qui entravent cet acc\u00e8s. Des occasions ont \u00e9t\u00e9 manqu\u00e9es au cours des cinq derni\u00e8res ann\u00e9es, mais nous esp\u00e9rons que le gouvernement canadien reconna\u00eetra que nos engagements sont r\u00e9alisables gr\u00e2ce \u00e0 une combinaison ad\u00e9quate de volont\u00e9 politique et de changements aux lois et politiques afin de garantir un soutien et des services qui respectent la dignit\u00e9 et les droits des personnes vivant avec le VIH et touch\u00e9es par le VIH dans ce pays.\u00a0\u00bb<\/p>\n<p>Le rapport, qui pr\u00e9sente des \u00e9valuations provinciales et territoriales bas\u00e9es sur six indicateurs cl\u00e9s allant de l\u2019acc\u00e8s \u00e0 la pr\u00e9vention et au traitement jusqu\u2019au cadre juridique, en passant par la d\u00e9claration de donn\u00e9es et l\u2019\u00e9valuation, conclut que l\u2019augmentation du taux national de nouveaux cas est due en grande partie aux nouvelles infections au Manitoba et en Saskatchewan.<\/p>\n<p>Le VIH au Canada continue de toucher de mani\u00e8re disproportionn\u00e9e les personnes racis\u00e9es \u2013 notamment, les Autochtones et les Noir-es sont surrepr\u00e9sent\u00e9-es dans les chiffres d\u2019ensemble et les nouvelles transmissions. Des taux de VIH disproportionnellement plus \u00e9lev\u00e9s que dans la population g\u00e9n\u00e9rale s\u2019observent \u00e9galement parmi les hommes qui ont des rapports sexuels avec des hommes, les personnes transgenres et de genres divers ainsi que les personnes criminalis\u00e9es, notamment les personnes qui utilisent des drogues, les travailleuse(-eur)s du sexe et les personnes qui ont connu l\u2019incarc\u00e9ration.<\/p>\n<p>Vous pouvez lire le rapport complet <a href=\"https:\/\/www.hivlegalnetwork.ca\/site\/state-of-hiv-2025\/?lang=fr\">ici<\/a> et t\u00e9l\u00e9charger les recommandations <a href=\"https:\/\/www.hivlegalnetwork.ca\/site\/wp-content\/uploads\/2025\/11\/Federal-recommendations-Bilingual.pdf\">ici<\/a>.","protected":false},"excerpt":{"rendered":"<p>Les taux de VIH sont en hausse, alors que nous savons ce qu\u2019il faut faire pour pr\u00e9venir les nouvelles infections et prot\u00e9ger la sant\u00e9 et les droits humains des personnes s\u00e9ropositives et affect\u00e9es par le VIH. 1er\u00a0d\u00e9cembre 2025, Toronto (Ont.) \u2013 Aujourd\u2019hui, \u00e0 l\u2019occasion de la Journ\u00e9e mondiale de lutte contre le sida, le R\u00e9seau &#8230; <a title=\"En cette Journ\u00e9e mondiale de lutte contre le sida, premier rapport sur \u00ab L\u2019\u00e9tat du VIH au Canada \u00bb par le R\u00e9seau juridique VIH\" class=\"read-more\" href=\"https:\/\/www.hivlegalnetwork.ca\/site\/francais-on-world-aids-day-hiv-legal-network-releases-inaugural-state-of-hiv-in-canada-report\/\" aria-label=\"More on En cette Journ\u00e9e mondiale de lutte contre le sida, premier rapport sur \u00ab L\u2019\u00e9tat du VIH au Canada \u00bb par le R\u00e9seau juridique VIH\">Read more<\/a><\/p>\n","protected":false},"author":1,"featured_media":0,"menu_order":0,"template":"","format":"standard","meta":{"_acf_changed":false,"footnotes":""},"publication_topics":[],"publication_language":[],"class_list":["post-25384","news22","type-news22","status-publish","format-standard","hentry"],"acf":[],"_links":{"self":[{"href":"https:\/\/www.hivlegalnetwork.ca\/site\/wp-json\/wp\/v2\/news22\/25384","targetHints":{"allow":["GET"]}}],"collection":[{"href":"https:\/\/www.hivlegalnetwork.ca\/site\/wp-json\/wp\/v2\/news22"}],"about":[{"href":"https:\/\/www.hivlegalnetwork.ca\/site\/wp-json\/wp\/v2\/types\/news22"}],"author":[{"embeddable":true,"href":"https:\/\/www.hivlegalnetwork.ca\/site\/wp-json\/wp\/v2\/users\/1"}],"version-history":[{"count":2,"href":"https:\/\/www.hivlegalnetwork.ca\/site\/wp-json\/wp\/v2\/news22\/25384\/revisions"}],"predecessor-version":[{"id":25386,"href":"https:\/\/www.hivlegalnetwork.ca\/site\/wp-json\/wp\/v2\/news22\/25384\/revisions\/25386"}],"wp:attachment":[{"href":"https:\/\/www.hivlegalnetwork.ca\/site\/wp-json\/wp\/v2\/media?parent=25384"}],"wp:term":[{"taxonomy":"publication_topics","embeddable":true,"href":"https:\/\/www.hivlegalnetwork.ca\/site\/wp-json\/wp\/v2\/publication_topics?post=25384"},{"taxonomy":"publication_language","embeddable":true,"href":"https:\/\/www.hivlegalnetwork.ca\/site\/wp-json\/wp\/v2\/publication_language?post=25384"}],"curies":[{"name":"wp","href":"https:\/\/api.w.org\/{rel}","templated":true}]}}